{"id":8720,"date":"2022-12-06T12:28:15","date_gmt":"2022-12-06T11:28:15","guid":{"rendered":"https:\/\/www.reiffersartinitiatives.com\/?post_type=presse&#038;p=8720"},"modified":"2022-12-06T16:12:05","modified_gmt":"2022-12-06T15:12:05","slug":"lart-metisse-et-baroque-de-raphael-barontini","status":"publish","type":"presse","link":"https:\/\/www.reiffersartinitiatives.com\/en\/pres\/lart-metisse-et-baroque-de-raphael-barontini\/","title":{"rendered":"L\u2019art m\u00e9tiss\u00e9 et baroque de Rapha\u00ebl Barontini"},"featured_media":0,"template":"","class_list":["post-8720","presse","type-presse","status-publish","hentry"],"acf":[],"_links":{"self":[{"href":"https:\/\/www.reiffersartinitiatives.com\/en\/wp-json\/wp\/v2\/presse\/8720","targetHints":{"allow":["GET"]}}],"collection":[{"href":"https:\/\/www.reiffersartinitiatives.com\/en\/wp-json\/wp\/v2\/presse"}],"about":[{"href":"https:\/\/www.reiffersartinitiatives.com\/en\/wp-json\/wp\/v2\/types\/presse"}],"wp:attachment":[{"href":"https:\/\/www.reiffersartinitiatives.com\/en\/wp-json\/wp\/v2\/media?parent=8720"}],"curies":[{"name":"wp","href":"https:\/\/api.w.org\/{rel}","templated":true}]}}