{"id":8480,"date":"2022-12-01T18:30:14","date_gmt":"2022-12-01T17:30:14","guid":{"rendered":"https:\/\/www.reiffersartinitiatives.com\/?post_type=presse&#038;p=8480"},"modified":"2022-12-05T12:06:32","modified_gmt":"2022-12-05T11:06:32","slug":"qui-est-alexandre-diop-le-jeune-artiste-protege-de-kehinde-wiley-expose-pour-la-premiere-fois-a-paris","status":"publish","type":"presse","link":"https:\/\/www.reiffersartinitiatives.com\/en\/pres\/qui-est-alexandre-diop-le-jeune-artiste-protege-de-kehinde-wiley-expose-pour-la-premiere-fois-a-paris\/","title":{"rendered":"Qui est Alexandre Diop, le jeune artiste prot\u00e9g\u00e9 de Kehinde Wiley expos\u00e9 pour la premi\u00e8re fois \u00e0 Paris ?"},"featured_media":0,"template":"","class_list":["post-8480","presse","type-presse","status-publish","hentry"],"acf":[],"_links":{"self":[{"href":"https:\/\/www.reiffersartinitiatives.com\/en\/wp-json\/wp\/v2\/presse\/8480","targetHints":{"allow":["GET"]}}],"collection":[{"href":"https:\/\/www.reiffersartinitiatives.com\/en\/wp-json\/wp\/v2\/presse"}],"about":[{"href":"https:\/\/www.reiffersartinitiatives.com\/en\/wp-json\/wp\/v2\/types\/presse"}],"wp:attachment":[{"href":"https:\/\/www.reiffersartinitiatives.com\/en\/wp-json\/wp\/v2\/media?parent=8480"}],"curies":[{"name":"wp","href":"https:\/\/api.w.org\/{rel}","templated":true}]}}