{"id":14546,"date":"2025-05-27T16:41:01","date_gmt":"2025-05-27T14:41:01","guid":{"rendered":"https:\/\/www.reiffersartinitiatives.com\/?post_type=presse&#038;p=14546"},"modified":"2025-05-27T16:41:01","modified_gmt":"2025-05-27T14:41:01","slug":"carte-blanche-a-virginie-burnet-coup-de-coeur-pour-nantene-traore","status":"publish","type":"presse","link":"https:\/\/www.reiffersartinitiatives.com\/en\/pres\/carte-blanche-a-virginie-burnet-coup-de-coeur-pour-nantene-traore\/","title":{"rendered":"Carte blanche \u00e0 Virginie Burnet : Coup de c\u0153ur pour Nant\u00e9n\u00e9 Traor\u00e9"},"featured_media":0,"template":"","class_list":["post-14546","presse","type-presse","status-publish","hentry"],"acf":[],"_links":{"self":[{"href":"https:\/\/www.reiffersartinitiatives.com\/en\/wp-json\/wp\/v2\/presse\/14546","targetHints":{"allow":["GET"]}}],"collection":[{"href":"https:\/\/www.reiffersartinitiatives.com\/en\/wp-json\/wp\/v2\/presse"}],"about":[{"href":"https:\/\/www.reiffersartinitiatives.com\/en\/wp-json\/wp\/v2\/types\/presse"}],"wp:attachment":[{"href":"https:\/\/www.reiffersartinitiatives.com\/en\/wp-json\/wp\/v2\/media?parent=14546"}],"curies":[{"name":"wp","href":"https:\/\/api.w.org\/{rel}","templated":true}]}}