{"id":14545,"date":"2025-05-27T16:39:05","date_gmt":"2025-05-27T14:39:05","guid":{"rendered":"https:\/\/www.reiffersartinitiatives.com\/?post_type=presse&#038;p=14545"},"modified":"2025-05-27T16:39:05","modified_gmt":"2025-05-27T14:39:05","slug":"nantene-traore-le-photographe-de-labsence-expose-chez-reiffers-art-initiatives","status":"publish","type":"presse","link":"https:\/\/www.reiffersartinitiatives.com\/en\/pres\/nantene-traore-le-photographe-de-labsence-expose-chez-reiffers-art-initiatives\/","title":{"rendered":"Nant\u00e9n\u00e9 Traor\u00e9, le photographe de l\u2019absence expos\u00e9 chez Reiffers Art Initiatives"},"featured_media":0,"template":"","class_list":["post-14545","presse","type-presse","status-publish","hentry"],"acf":[],"_links":{"self":[{"href":"https:\/\/www.reiffersartinitiatives.com\/en\/wp-json\/wp\/v2\/presse\/14545","targetHints":{"allow":["GET"]}}],"collection":[{"href":"https:\/\/www.reiffersartinitiatives.com\/en\/wp-json\/wp\/v2\/presse"}],"about":[{"href":"https:\/\/www.reiffersartinitiatives.com\/en\/wp-json\/wp\/v2\/types\/presse"}],"wp:attachment":[{"href":"https:\/\/www.reiffersartinitiatives.com\/en\/wp-json\/wp\/v2\/media?parent=14545"}],"curies":[{"name":"wp","href":"https:\/\/api.w.org\/{rel}","templated":true}]}}