{"id":13287,"date":"2024-10-28T11:10:32","date_gmt":"2024-10-28T10:10:32","guid":{"rendered":"https:\/\/www.reiffersartinitiatives.com\/?post_type=presse&#038;p=13287"},"modified":"2024-12-02T17:33:29","modified_gmt":"2024-12-02T16:33:29","slug":"numeroart-qui-est-tarek-lakhrissi-etoile-montante-exposee-a-reiffers-art-initiatives","status":"publish","type":"presse","link":"https:\/\/www.reiffersartinitiatives.com\/en\/pres\/numeroart-qui-est-tarek-lakhrissi-etoile-montante-exposee-a-reiffers-art-initiatives\/","title":{"rendered":"Qui est Tarek Lakhrissi, \u00e9toile montante expos\u00e9e \u00e0 Reiffers Art Initiatives ?"},"featured_media":0,"template":"","class_list":["post-13287","presse","type-presse","status-publish","hentry"],"acf":[],"_links":{"self":[{"href":"https:\/\/www.reiffersartinitiatives.com\/en\/wp-json\/wp\/v2\/presse\/13287","targetHints":{"allow":["GET"]}}],"collection":[{"href":"https:\/\/www.reiffersartinitiatives.com\/en\/wp-json\/wp\/v2\/presse"}],"about":[{"href":"https:\/\/www.reiffersartinitiatives.com\/en\/wp-json\/wp\/v2\/types\/presse"}],"wp:attachment":[{"href":"https:\/\/www.reiffersartinitiatives.com\/en\/wp-json\/wp\/v2\/media?parent=13287"}],"curies":[{"name":"wp","href":"https:\/\/api.w.org\/{rel}","templated":true}]}}